{"id":2631,"date":"2014-12-28T19:34:38","date_gmt":"2014-12-28T15:34:38","guid":{"rendered":"http:\/\/dialog.webclever.in.ua\/?p=2631"},"modified":"2016-05-26T12:42:11","modified_gmt":"2016-05-26T08:42:11","slug":"ukrayinska-zbirnik-materialiv-derzhavna-politika-z-elektronnogo-uryaduvannya-v-ukrayini-problemi-ta-vikliki","status":"publish","type":"post","link":"https:\/\/dialog.lviv.ua\/pl\/ukrayinska-zbirnik-materialiv-derzhavna-politika-z-elektronnogo-uryaduvannya-v-ukrayini-problemi-ta-vikliki\/","title":{"rendered":"Materia\u0142y z konferencji: \u201ePolityka pa\u0144stwa wobec e-zarz\u0105dzania w Ukrainie: problemy i wyzwania\u201d"},"content":{"rendered":"<p><\/p>\n<p style=\"text-align: justify;\"><a href=\"http:\/\/dialog.webclever.in.ua\/wp-content\/uploads\/2016\/01\/logo-partnery.png\"><img decoding=\"async\" loading=\"lazy\" class=\"alignnone  wp-image-2633\" src=\"http:\/\/dialog.webclever.in.ua\/wp-content\/uploads\/2016\/01\/logo-partnery.png\" alt=\"logo-partnery\" width=\"658\" height=\"94\" srcset=\"https:\/\/dialog.lviv.ua\/wp-content\/uploads\/2016\/01\/logo-partnery.png 588w, https:\/\/dialog.lviv.ua\/wp-content\/uploads\/2016\/01\/logo-partnery-300x43.png 300w\" sizes=\"(max-width: 658px) 100vw, 658px\" \/><\/a><\/p>\n<p style=\"text-align: justify;\">\nKolekcja obejmuje r\u00f3\u017cnorodne materia\u0142y, kt\u00f3re zosta\u0142y wykorzystane jako cz\u0119\u015b\u0107 projektu &#8220;Centra informacji publicznej w winnickim, zakarpatskim, lwowskim i r\u00f3wie\u0144skim obwodach &#8211; II etap&#8221;, kt\u00f3ry jest realizowany (z Polskiej strony) przez Asocjacje &#8220;Lubelskie Forum Organizacji Pozarz\u0105dowych&#8221; (Lublin) i &#8220;Centrum Wsp\u00f3\u0142pracy Polska-wsch\u00f3d&#8221; (Lublin), z Ukrainy g\u0142\u00f3wnym partnerem by\u0142a organizacja pozarz\u0105dowa &#8220;Europejski Dialog&#8221; (Lw\u00f3w). W rejonach dzia\u0142ania Projektu wspierali si\u0119 regionalne centra koordynacyjne dzia\u0142aj\u0105ce przy organizacjach partnerskich: NGO &#8220;Podolska agencja rozwoju regionalnego&#8221; (Winnica), &#8220;Wo\u0142y\u0144ski centrum zasob\u00f3w&#8221; (R\u00f3wne), Fundacja &#8220;Centrum inicjatyw publicznych&#8221; (Pereczyn), a w drugiej po\u0142owie projektu do\u0142\u0105czy\u0142 si\u0119 r\u00f3wnie\u017c &#8220;Fundusz rozwoju Miko\u0142ajewa&#8221; (Miko\u0142aj\u00f3w). Projekt jest wsp\u00f3\u0142finansowany ze \u015brodk\u00f3w Programu \u201eWsparcia demokracji\u201d, finansowanego w ramach programu polskiej wsp\u00f3\u0142pracy rozwojowej Ministerstwa Spraw Zagranicznych RP w 2014 roku.<\/p>\n<blockquote>\n<p style=\"text-align: justify;\">Cel projektu<\/p>\n<p style=\"text-align: justify;\">Zapewnienie r\u00f3wnego dost\u0119pu do informacji publicznej i us\u0142ug elektronicznych o wysokiej jako\u015bci, w pierwszej kolejno\u015bci &#8211; do gwarantowanych pa\u0144stwem us\u0142ug administracyjnych poprzez rozpowszechnienie stworzonej w 2013 roku sieci &#8220;Centr\u00f3w informacji publicznej&#8221; w bibliotekach i organizacjach pozarz\u0105dowych w ma\u0142ych miasteczkach i wsiach w obwodzie lwowskim, a tak\u017ce w winnickim, zakarpatskim, miko\u0142ajewiskm r\u00f3wie\u0144skim obwodach.<br \/>\nProjekt ten jest logiczn\u0105 kontynuacj\u0105 wsp\u00f3\u0142pracy d\u0142ugoterminowych partner\u00f3w w zakresie wdra\u017cania nowoczesnych rozwi\u0105za\u0144 w administracji publicznej, wzmocnieniu samorz\u0105du i demokracji lokalnej przy u\u017cyciu pozytywnego polskiego do\u015bwiadczenia.<\/p>\n<p style=\"text-align: justify;\">Zadania projektu<\/p>\n<ul>\n<li style=\"text-align: justify;\">Rozpowszechnianie informacji na temat dost\u0119pnych us\u0142ug e-administracji na poziomie krajowym, regionalnym i lokalnym w\u015br\u00f3d r\u00f3\u017cnych grup w obszarach wiejskich<\/li>\n<li style=\"text-align: justify;\">Szkolenie lokalnych konsultant\u00f3w, kt\u00f3rzy b\u0119d\u0105 w stanie nauczy\u0107 mieszka\u0144c\u00f3w korzysta\u0107 z us\u0142ug e-administracji<\/li>\n<li style=\"text-align: justify;\">Rozw\u00f3j sieci 20 centr\u00f3w informacji publicznej przy lokalnych organizacjach pozarz\u0105dowych, bibliotekach wiejskich z aktywnym udzia\u0142em spo\u0142eczno\u015bci i samorz\u0105d\u00f3w na poziomie ma\u0142ych miasteczek i wsi w 4 regionach Ukrainy.<\/li>\n<\/ul>\n<\/blockquote>\n<p style=\"text-align: justify;\">G\u0142\u00f3wne rezultaty projektu: wzmocnienie potencja\u0142u organizacji spo\u0142ecze\u0144stwa obywatelskiego w dziedzinie e-demokracji i e-administracji, rozwoju samorz\u0105du i demokracji na poziomie lokalnym, poprawa mechanizm\u00f3w dialogu spo\u0142ecznego w Ukrainie, co stwarza dobre warunki dla przysz\u0142ych projekt\u00f3w oraz wzmocnienie proces\u00f3w europejskiej integracji w Ukrainie. Podczas ko\u0144cowej Wszechukrai\u0144skiej konferencji &#8220;Polityka pa\u0144stwa wobec e-zarz\u0105dzania w Ukrainie: problemy i wyzwania&#8221;, kt\u00f3ra odby\u0142a si\u0119 w dniach 20-21 listopada 2014 roku we Lwowie w ramach Projektu, zosta\u0142y poruszone bardzo wa\u017cne dla Ukrainy kwestie, mi\u0119dzy innymi o aktualnej sytuacji w zakresie wdra\u017cania e-administracji w Ukrainie i Polsce, elektronicznych us\u0142ug administracyjnych i stworzenie niezb\u0119dnej infrastruktury na poziomie regionalnym. Przedstawiono r\u00f3wnie\u017c wyniki bada\u0144 e-administracji w 100 ukrai\u0144skich miastach oraz &#8220;Zielona Ksi\u0119ga&#8221; &#8211; badanie przygotowane przez Grup\u0119 robocz\u0105 do spraw stworzenia rz\u0105dowej polityki wobec e-administracji przy wicepremierze Ukrainy, kt\u00f3re zosta\u0142o nast\u0119pnie om\u00f3wione przez uczestnik\u00f3w konferencji w czterech grupach.<\/p>\n<p style=\"text-align: justify;\">Projekt zosta\u0142 zrealizowany w trudnym dla Ukrainy czasie, gdy podczas wojny na Wschodzie, konieczne by\u0142o zreformowa\u0107 wszystkie sfery \u017cycia publicznego. Mamy nadziej\u0119, \u017ce wyniki Projektu oraz dzia\u0142alno\u015b\u0107 wielu instytucji zaanga\u017cowanych w realizacj\u0119 Projektu w znacznym stopniu przyczyni\u0105 si\u0119 do &#8220;Planu dzia\u0142a\u0144 na rzecz reformy dla przysz\u0142ego parlamentu&#8221;, w kt\u00f3rym zebrano 20 dokument\u00f3w okre\u015blaj\u0105cych kierunki polityki w najwa\u017cniejszych dziedzinach, wymagaj\u0105cych natychmiastowego reformowania, w tym i dla e-administracji.<\/p>\n<p style=\"text-align: justify;\">Koordynator Projektu ze strony polskiej: Natalia Gmurkowska<\/p>\n<p style=\"text-align: justify;\">Koordynator Projektu ze strony ukrai\u0144skiej: Igor Kaspruk<\/p>\n<p style=\"text-align: justify;\"><strong>Publikacja wyra\u017ca jedynie pogl\u0105dy autora i nie mo\u017ce by\u0107 uto\u017csamiana z oficjalnym stanowiskiem Ministerstwa Spraw Zagranicznych RP<\/strong><\/p>\n<p style=\"text-align: justify;\"><a href=\"http:\/\/dialog.webclever.in.ua\/wp-content\/uploads\/2016\/01\/programa-pidtrymky-demokratii.png\"><img decoding=\"async\" loading=\"lazy\" class=\"alignnone size-full wp-image-2636\" src=\"http:\/\/dialog.webclever.in.ua\/wp-content\/uploads\/2016\/01\/programa-pidtrymky-demokratii.png\" alt=\"programa-pidtrymky-demokratii\" width=\"657\" height=\"131\" srcset=\"https:\/\/dialog.lviv.ua\/wp-content\/uploads\/2016\/01\/programa-pidtrymky-demokratii.png 657w, https:\/\/dialog.lviv.ua\/wp-content\/uploads\/2016\/01\/programa-pidtrymky-demokratii-300x60.png 300w, https:\/\/dialog.lviv.ua\/wp-content\/uploads\/2016\/01\/programa-pidtrymky-demokratii-300x60@2x.png 600w\" sizes=\"(max-width: 657px) 100vw, 657px\" \/><\/a><\/p>\n<p><\/p>","protected":false},"excerpt":{"rendered":"<p>Kolekcja obejmuje r\u00f3\u017cnorodne materia\u0142y, kt\u00f3re zosta\u0142y wykorzystane jako cz\u0119\u015b\u0107 projektu &#8220;Centra informacji publicznej w winnickim, zakarpatskim, lwowskim i r\u00f3wie\u0144skim obwodach &#8211; II etap&#8221;, kt\u00f3ry jest realizowany (z Polskiej strony) przez Asocjacje &#8220;Lubelskie Forum Organizacji Pozarz\u0105dowych&#8221; (Lublin) i &#8220;Centrum Wsp\u00f3\u0142pracy Polska-wsch\u00f3d&#8221; (Lublin), z Ukrainy g\u0142\u00f3wnym partnerem by\u0142a organizacja pozarz\u0105dowa &#8220;Europejski Dialog&#8221; (Lw\u00f3w). W rejonach dzia\u0142ania Projektu<\/p>\n<div class=\"read-more\"><a href=\"https:\/\/dialog.lviv.ua\/pl\/ukrayinska-zbirnik-materialiv-derzhavna-politika-z-elektronnogo-uryaduvannya-v-ukrayini-problemi-ta-vikliki\/\" title=\"Read More\">Read More<\/a><\/div>\n","protected":false},"author":1,"featured_media":2632,"comment_status":"closed","ping_status":"closed","sticky":false,"template":"","format":"standard","meta":[],"categories":[34],"tags":[],"_links":{"self":[{"href":"https:\/\/dialog.lviv.ua\/pl\/wp-json\/wp\/v2\/posts\/2631"}],"collection":[{"href":"https:\/\/dialog.lviv.ua\/pl\/wp-json\/wp\/v2\/posts"}],"about":[{"href":"https:\/\/dialog.lviv.ua\/pl\/wp-json\/wp\/v2\/types\/post"}],"author":[{"embeddable":true,"href":"https:\/\/dialog.lviv.ua\/pl\/wp-json\/wp\/v2\/users\/1"}],"replies":[{"embeddable":true,"href":"https:\/\/dialog.lviv.ua\/pl\/wp-json\/wp\/v2\/comments?post=2631"}],"version-history":[{"count":5,"href":"https:\/\/dialog.lviv.ua\/pl\/wp-json\/wp\/v2\/posts\/2631\/revisions"}],"predecessor-version":[{"id":4314,"href":"https:\/\/dialog.lviv.ua\/pl\/wp-json\/wp\/v2\/posts\/2631\/revisions\/4314"}],"wp:featuredmedia":[{"embeddable":true,"href":"https:\/\/dialog.lviv.ua\/pl\/wp-json\/wp\/v2\/media\/2632"}],"wp:attachment":[{"href":"https:\/\/dialog.lviv.ua\/pl\/wp-json\/wp\/v2\/media?parent=2631"}],"wp:term":[{"taxonomy":"category","embeddable":true,"href":"https:\/\/dialog.lviv.ua\/pl\/wp-json\/wp\/v2\/categories?post=2631"},{"taxonomy":"post_tag","embeddable":true,"href":"https:\/\/dialog.lviv.ua\/pl\/wp-json\/wp\/v2\/tags?post=2631"}],"curies":[{"name":"wp","href":"https:\/\/api.w.org\/{rel}","templated":true}]}}