{"id":2665,"date":"2016-01-23T20:27:05","date_gmt":"2016-01-23T16:27:05","guid":{"rendered":"http:\/\/dialog.webclever.in.ua\/?p=2665"},"modified":"2016-02-29T17:38:12","modified_gmt":"2016-02-29T13:38:12","slug":"ukrayinska-detsentralizatsiya-rezultati-roboti-verhovnoyi-radi-ukrayini-viii-sklikannya-u-sferi-administrativno-teritorialnoyi-reformi-vprodovzh-bereznya-travnya-2015-roku","status":"publish","type":"post","link":"https:\/\/dialog.lviv.ua\/pl\/ukrayinska-detsentralizatsiya-rezultati-roboti-verhovnoyi-radi-ukrayini-viii-sklikannya-u-sferi-administrativno-teritorialnoyi-reformi-vprodovzh-bereznya-travnya-2015-roku\/","title":{"rendered":"Decentralizacja: Wyniki pracy Rady Najwy\u017cszej Ukrainy VIII zwo\u0142ywania w zakresie administracyjno-terenowej reformy w ci\u0105gu marca-maja 2015 roku"},"content":{"rendered":"<p>W ci\u0105gu marca-maja 2015 roku ludowi deputowani Ukrainy co\u015b zni\u017cyli aktywno\u015b\u0107 pracy w zakresie decentralizacji w\u0142adzy i administracyjno-terenowej reformy. Je\u015bli w ci\u0105gu pierwszych stu dni pracy &#8211; z 27 listopada 2014 roku przed 8 marzec 2015 roku (sprawozdanie o tym patrzcie tu) deputowani Rady Najwy\u017cszej uchwalili 5 praw na og\u00f3\u0142, 1 projekt ustawy w pierwszym czytaniu i zarejestrowa\u0142y 32 projekty ustawy, co dotyczy decentralizacji i administracyjno-terenowej reformy, to z 9 marca przed 24 maj 2015 roku by\u0142o uchwalono 1 prawo, 3 projekty ustawy &#8211; w pierwszym czytaniu i zarejestrowano 31 projekt prawa.<\/p>\n<blockquote><p>W szczeg\u00f3lno\u015bci, by\u0142o uchwalono i podpisano Prezydentem Prawo &#8220;O wprowadzeniu przemian do niekt\u00f3rych prawodawczych akt Ukrainy co do decentralizacji uprawnie\u0144 w zakresie architektoniczny-budowlanej kontroli i udoskonalenia urbanistycznego ustawodawstwa&#8221;, kt\u00f3ry nabierze mocy prawnej 1 wrze\u015bnia 2015 roku.<\/p><\/blockquote>\n\n<p class=\"gde-text\"><a href=\"http:\/\/dialog.webclever.in.ua\/wp-content\/uploads\/2016\/01\/zakonoproektiv-2.pdf\" class=\"gde-link\">\u0417\u0430\u0432\u0430\u043d\u0442\u0430\u0436\u0438\u0442\u0438 (PDF, \u041d\u0435\u0432\u0456\u0434\u043e\u043c\u0438\u0439)&nbsp; <i>zakonoproektiv-2<\/i><\/a><\/p><\/p>","protected":false},"excerpt":{"rendered":"<p>W ci\u0105gu marca-maja 2015 roku ludowi deputowani Ukrainy co\u015b zni\u017cyli aktywno\u015b\u0107 pracy w zakresie decentralizacji w\u0142adzy i administracyjno-terenowej reformy. Je\u015bli w ci\u0105gu pierwszych stu dni pracy &#8211; z 27 listopada 2014 roku przed 8 marzec 2015 roku (sprawozdanie o tym patrzcie tu) deputowani Rady Najwy\u017cszej uchwalili 5 praw na og\u00f3\u0142, 1 projekt ustawy w pierwszym<\/p>\n<div class=\"read-more\"><a href=\"https:\/\/dialog.lviv.ua\/pl\/ukrayinska-detsentralizatsiya-rezultati-roboti-verhovnoyi-radi-ukrayini-viii-sklikannya-u-sferi-administrativno-teritorialnoyi-reformi-vprodovzh-bereznya-travnya-2015-roku\/\" title=\"Read More\">Read More<\/a><\/div>\n","protected":false},"author":1,"featured_media":2666,"comment_status":"closed","ping_status":"closed","sticky":false,"template":"","format":"standard","meta":[],"categories":[45],"tags":[],"_links":{"self":[{"href":"https:\/\/dialog.lviv.ua\/pl\/wp-json\/wp\/v2\/posts\/2665"}],"collection":[{"href":"https:\/\/dialog.lviv.ua\/pl\/wp-json\/wp\/v2\/posts"}],"about":[{"href":"https:\/\/dialog.lviv.ua\/pl\/wp-json\/wp\/v2\/types\/post"}],"author":[{"embeddable":true,"href":"https:\/\/dialog.lviv.ua\/pl\/wp-json\/wp\/v2\/users\/1"}],"replies":[{"embeddable":true,"href":"https:\/\/dialog.lviv.ua\/pl\/wp-json\/wp\/v2\/comments?post=2665"}],"version-history":[{"count":2,"href":"https:\/\/dialog.lviv.ua\/pl\/wp-json\/wp\/v2\/posts\/2665\/revisions"}],"predecessor-version":[{"id":3608,"href":"https:\/\/dialog.lviv.ua\/pl\/wp-json\/wp\/v2\/posts\/2665\/revisions\/3608"}],"wp:featuredmedia":[{"embeddable":true,"href":"https:\/\/dialog.lviv.ua\/pl\/wp-json\/wp\/v2\/media\/2666"}],"wp:attachment":[{"href":"https:\/\/dialog.lviv.ua\/pl\/wp-json\/wp\/v2\/media?parent=2665"}],"wp:term":[{"taxonomy":"category","embeddable":true,"href":"https:\/\/dialog.lviv.ua\/pl\/wp-json\/wp\/v2\/categories?post=2665"},{"taxonomy":"post_tag","embeddable":true,"href":"https:\/\/dialog.lviv.ua\/pl\/wp-json\/wp\/v2\/tags?post=2665"}],"curies":[{"name":"wp","href":"https:\/\/api.w.org\/{rel}","templated":true}]}}