{"id":3895,"date":"2016-03-24T16:42:32","date_gmt":"2016-03-24T12:42:32","guid":{"rendered":"http:\/\/dialog.lviv.ua\/?p=3895"},"modified":"2016-07-21T13:28:33","modified_gmt":"2016-07-21T09:28:33","slug":"maybutnye-ukrayinskih-rayoniv-polskiy-dosvid-funktsionuvannya-mistsevogo-samovryaduvannya-na-rivni-povitiv","status":"publish","type":"post","link":"https:\/\/dialog.lviv.ua\/pl\/maybutnye-ukrayinskih-rayoniv-polskiy-dosvid-funktsionuvannya-mistsevogo-samovryaduvannya-na-rivni-povitiv\/","title":{"rendered":"Przysz\u0142o\u015b\u0107 rejon\u00f3w Ukrainy: Polskie do\u015bwiadczenie funkcjonowania samorz\u0105du na szczeblu powiatu"},"content":{"rendered":"<p><\/p>\n<p style=\"text-align: justify;\">Reforma struktury administracyjno-terytorialnej i systemu samorz\u0105du lokalnego, kt\u00f3ra rozpocz\u0119\u0142a si\u0119 w 2015 roku w Ukrainie ju\u017c zacz\u0119\u0142a i b\u0119dzie kontynuowa\u0107 radykaln\u0105 redystrybucje uprawnie\u0144 i \u015brodk\u00f3w finansowych pomi\u0119dzy rejonami i podstawowymi jednostkami administracyjno-terytorialnymi &#8211; zrzeszonymi wsp\u00f3lnotami terytorialnymi na korzy\u015b\u0107 tych ostatnich. Ten proces znacz\u0105co zmieni rol\u0119 rejon\u00f3w, jako element\u00f3w struktury administracyjno-terytorialnej. Zmniejszenie zakresu kompetencji rad rejonowych i rejonowych administracji pa\u0144stwowych i zmniejszenie wp\u0142yw\u00f3w do bud\u017cetu rejonu wymaga optymalizacji struktury rejonowych administracji pa\u0144stwowych i organ\u00f3w wykonawczych rad rejonowych.<\/p>\n<p style=\"text-align: justify;\">W czasie tych przekszta\u0142ce\u0144, u\u017cytecznym staje si\u0119 polskie do\u015bwiadczenie funkcjonowania samorz\u0105du na szczeblu powiatu (analog ukrai\u0144skiego rejonu).<\/p>\n<p style=\"text-align: justify;\">Wa\u017cne jest, aby pami\u0119ta\u0107, \u017ce w Polsce na poziomie powiatu nie funkcjonuj\u0105 organy pa\u0144stwowe z funkcjami nadzorczymi, taki jak rejonowe administracji pa\u0144stwowe w Ukrainie.<\/p>\n<p style=\"text-align: justify;\">Ustawodawczym organem powiatu jest rada powiatu, organem wykonawczym &#8211; zarz\u0105d powiatu, kt\u00f3ry wykonuje swoje funkcje za po\u015brednictwem jednostek organizacyjnych powiatu &#8211; starostw i innych jednostek organizacyjnych, kt\u00f3re dzia\u0142aj\u0105 w dziedzinie edukacji, medycyny, opieki spo\u0142ecznej, kultury i infrastruktury. Starostwo jest kierowane przez starost\u0119, kt\u00f3ry jest wybierany w\u015br\u00f3d cz\u0142onk\u00f3w rady powiatu.<\/p>\n<p style=\"text-align: justify;\">System samorz\u0105du lokalnego w Polsce dzia\u0142a na zasadzie pomocniczo\u015bci. To oznacza, \u017ce podstawow\u0105 jednostk\u0105 samorz\u0105du jest gmina, kt\u00f3ra rozwi\u0105zuje wszystkie problemy zwi\u0105zane z \u017cyciem wewn\u0119trznym na terenie gminy. Powiat wykonuje tylko te funkcje, kt\u00f3rych nie mog\u0119 podj\u0105\u0107 gmina.<\/p>\n<p style=\"text-align: justify;\">Dotacje i subwencje z bud\u017cetu pa\u0144stwa stanowi\u0105 71% dochod\u00f3w bud\u017cetu powiatu, 29% &#8211; dochody w\u0142asne. Najwi\u0119kszy udzia\u0142 wydatk\u00f3w powiatu jest kierowany na edukacje (33%) oraz pomoc spo\u0142eczn\u0105 (13%).<\/p>\n<p style=\"text-align: justify;\">W notatce informacyjno-analitycznej zosta\u0142y zanalizowane nast\u0119puj\u0105ce kwestie:<\/p>\n<ul>\n<li style=\"text-align: justify;\">miejsce powiatu w polskim systemie samorz\u0105du lokalnego, podzia\u0142 funkcji mi\u0119dzy wojew\u00f3dztwem, powiatem a gmin\u0105;<\/li>\n<li style=\"text-align: justify;\">podstawa prawna dzia\u0142alno\u015bci powiat\u00f3w;<\/li>\n<li style=\"text-align: justify;\">struktura zarz\u0105dzania w powiecie;<\/li>\n<li style=\"text-align: justify;\">bud\u017cety powiat\u00f3w, ich dochody i wydatki, przeanalizowano g\u0142\u00f3wne \u017ar\u00f3d\u0142a wp\u0142yw\u00f3w i kierunki wydatk\u00f3w bud\u017cet\u00f3w powiat\u00f3w.<\/li>\n<\/ul>\n\n<p class=\"gde-text\"><a href=\"http:\/\/dialog.lviv.ua\/wp-content\/uploads\/2016\/03\/Maybutnye-ukrayinskih-rayoniv.pdf\" class=\"gde-link\">\u0417\u0430\u0432\u0430\u043d\u0442\u0430\u0436\u0438\u0442\u0438 (PDF, 2.7MB)&nbsp; <i>Maybutnye-ukrayinskih-rayoniv<\/i><\/a><\/p><\/p>","protected":false},"excerpt":{"rendered":"<p>Reforma struktury administracyjno-terytorialnej i systemu samorz\u0105du lokalnego, kt\u00f3ra rozpocz\u0119\u0142a si\u0119 w 2015 roku w Ukrainie ju\u017c zacz\u0119\u0142a i b\u0119dzie kontynuowa\u0107 radykaln\u0105 redystrybucje uprawnie\u0144 i \u015brodk\u00f3w finansowych pomi\u0119dzy rejonami i podstawowymi jednostkami administracyjno-terytorialnymi &#8211; zrzeszonymi wsp\u00f3lnotami terytorialnymi na korzy\u015b\u0107 tych ostatnich. Ten proces znacz\u0105co zmieni rol\u0119 rejon\u00f3w, jako element\u00f3w struktury administracyjno-terytorialnej. Zmniejszenie zakresu kompetencji rad rejonowych<\/p>\n<div class=\"read-more\"><a href=\"https:\/\/dialog.lviv.ua\/pl\/maybutnye-ukrayinskih-rayoniv-polskiy-dosvid-funktsionuvannya-mistsevogo-samovryaduvannya-na-rivni-povitiv\/\" title=\"Read More\">Read More<\/a><\/div>\n","protected":false},"author":2,"featured_media":3896,"comment_status":"closed","ping_status":"closed","sticky":false,"template":"","format":"standard","meta":[],"categories":[27,34],"tags":[],"_links":{"self":[{"href":"https:\/\/dialog.lviv.ua\/pl\/wp-json\/wp\/v2\/posts\/3895"}],"collection":[{"href":"https:\/\/dialog.lviv.ua\/pl\/wp-json\/wp\/v2\/posts"}],"about":[{"href":"https:\/\/dialog.lviv.ua\/pl\/wp-json\/wp\/v2\/types\/post"}],"author":[{"embeddable":true,"href":"https:\/\/dialog.lviv.ua\/pl\/wp-json\/wp\/v2\/users\/2"}],"replies":[{"embeddable":true,"href":"https:\/\/dialog.lviv.ua\/pl\/wp-json\/wp\/v2\/comments?post=3895"}],"version-history":[{"count":2,"href":"https:\/\/dialog.lviv.ua\/pl\/wp-json\/wp\/v2\/posts\/3895\/revisions"}],"predecessor-version":[{"id":4576,"href":"https:\/\/dialog.lviv.ua\/pl\/wp-json\/wp\/v2\/posts\/3895\/revisions\/4576"}],"wp:featuredmedia":[{"embeddable":true,"href":"https:\/\/dialog.lviv.ua\/pl\/wp-json\/wp\/v2\/media\/3896"}],"wp:attachment":[{"href":"https:\/\/dialog.lviv.ua\/pl\/wp-json\/wp\/v2\/media?parent=3895"}],"wp:term":[{"taxonomy":"category","embeddable":true,"href":"https:\/\/dialog.lviv.ua\/pl\/wp-json\/wp\/v2\/categories?post=3895"},{"taxonomy":"post_tag","embeddable":true,"href":"https:\/\/dialog.lviv.ua\/pl\/wp-json\/wp\/v2\/tags?post=3895"}],"curies":[{"name":"wp","href":"https:\/\/api.w.org\/{rel}","templated":true}]}}